{"id":736,"date":"2025-06-26T10:51:13","date_gmt":"2025-06-26T13:51:13","guid":{"rendered":"https:\/\/w3comunicacaointegrada.com.br\/blog\/?p=736"},"modified":"2025-06-26T10:51:14","modified_gmt":"2025-06-26T13:51:14","slug":"drone","status":"publish","type":"post","link":"https:\/\/w3comunicacaointegrada.com.br\/blog\/2025\/06\/26\/drone\/","title":{"rendered":"DRONE: as possibilidades de uso para a Comunica\u00e7\u00e3o de seu neg\u00f3cio"},"content":{"rendered":"\n<h5 class=\"wp-block-heading\"><em>Os drones foram criados para mostrar que a frase \u201co c\u00e9u \u00e9 o limite\u201d n\u00e3o \u00e9 real quando se trata de muitos setores, especialmente na Comunica\u00e7\u00e3o das empresas, apresentando tecnologia e inova\u00e7\u00e3o ao seu neg\u00f3cio<\/em><\/h5>\n\n\n\n<p>Mas, antes de falarmos sobre esta parceria entre drone e Comunica\u00e7\u00e3o, que tal explicarmos o que \u00e9 um drone?<\/p>\n\n\n\n<p>Criado para realizar fotografias e\/ou filmagens a\u00e9reas, o drone \u00e9 uma aeronave n\u00e3o tripulada que pode ser controlada em uma esta\u00e7\u00e3o remota, em todas as dire\u00e7\u00f5es, por coordenadas, radiofrequ\u00eancia ou infravermelho. Existem drones de diversos portes, dos menores, considerados \u2018mini\u2019, aos que suportam cargas, inclusive militares. Em nosso pa\u00eds, s\u00e3o regularizados e controlados pela ANAC, Ag\u00eancia Nacional de Avia\u00e7\u00e3o Civil.<\/p>\n\n\n\n<p>Agora que j\u00e1 pincelamos rapidamente o que \u00e9 um drone, qual a import\u00e2ncia e as possibilidades de uso para a Comunica\u00e7\u00e3o e Marketing? Para sermos assertivos, daremos dois pontos importantes:<\/p>\n\n\n\n<p><strong>Monitorar e inspecionar<\/strong><\/p>\n\n\n\n<p>A realiza\u00e7\u00e3o de fotografias e filmagens a\u00e9reas \u00e9 a utilidade mais comum de um drone e pode servir para acompanhar o andamento da obra de um empreendimento imobili\u00e1rio, por exemplo. Estas imagens ser\u00e3o utilizadas em diversas a\u00e7\u00f5es de Marketing e passam confiabilidade aos futuros clientes de sua empresa.<\/p>\n\n\n\n<p><strong>Transmitir informa\u00e7\u00f5es<\/strong><\/p>\n\n\n\n<p>Os drones transmitem dados\/ informa\u00e7\u00f5es em tempo real, caso necessite desta funcionalidade com imagens e filmagens a\u00e9reas. Por isso, em um segundo exemplo, \u00e9 muito utilizado na Comunica\u00e7\u00e3o institucional de grandes ind\u00fastrias, em filmagens de sua sede e instala\u00e7\u00f5es. Podendo utilizar de vis\u00f5es mais distantes e ir se aproximando de pe\u00e7as, como m\u00e1quinas e equipamentos.<\/p>\n\n\n\n<p>Isso forma a confian\u00e7a dos consumidores: o ato de ver, de conhecer, de tornar real! S\u00e3o imagens e v\u00eddeos <em>in loco<\/em>, nada \u2018fabricado\u2019 por Intelig\u00eancia Artificial. O tornar o seu neg\u00f3cio palp\u00e1vel e mais pr\u00f3ximo do p\u00fablico-alvo. E como este fato \u00e9 importante atualmente, n\u00e3o \u00e9 mesmo?<\/p>\n\n\n\n<p>Hoje, contamos um pouco do que podemos fazer pela sua empresa por meio de drone. Claro! A W3 Comunica\u00e7\u00e3o Integrada possui um equipamento de \u00faltima gera\u00e7\u00e3o e equipe especializada e autorizada pela ANAC para sua opera\u00e7\u00e3o. <\/p>\n\n\n\n<p class=\"has-text-align-center\"><strong>Tire suas d\u00favidas pelo WhatsApp (11) 99269-2292.<\/strong><\/p>\n\n\n\n<p><\/p>\n","protected":false},"excerpt":{"rendered":"<p>Os drones foram criados para mostrar que a frase \u201co c\u00e9u \u00e9 o limite\u201d n\u00e3o \u00e9 real quando se trata de muitos setores, especialmente na Comunica\u00e7\u00e3o das empresas, apresentando tecnologia e inova\u00e7\u00e3o ao seu neg\u00f3cio Mas, antes de falarmos sobre esta parceria entre drone e Comunica\u00e7\u00e3o, que tal explicarmos o que \u00e9 um drone? Criado [&hellip;]<\/p>\n","protected":false},"author":4,"featured_media":740,"comment_status":"closed","ping_status":"closed","sticky":false,"template":"","format":"standard","meta":{"_mo_disable_npp":"","footnotes":""},"categories":[10,113],"tags":[23,146,148,149,80,150,147],"class_list":["post-736","post","type-post","status-publish","format-standard","has-post-thumbnail","hentry","category-marketing","category-negocio","tag-comunicacao","tag-drone","tag-filme","tag-fotografia-aerea","tag-marketing","tag-tecnologia","tag-videos"],"_links":{"self":[{"href":"https:\/\/w3comunicacaointegrada.com.br\/blog\/wp-json\/wp\/v2\/posts\/736","targetHints":{"allow":["GET"]}}],"collection":[{"href":"https:\/\/w3comunicacaointegrada.com.br\/blog\/wp-json\/wp\/v2\/posts"}],"about":[{"href":"https:\/\/w3comunicacaointegrada.com.br\/blog\/wp-json\/wp\/v2\/types\/post"}],"author":[{"embeddable":true,"href":"https:\/\/w3comunicacaointegrada.com.br\/blog\/wp-json\/wp\/v2\/users\/4"}],"replies":[{"embeddable":true,"href":"https:\/\/w3comunicacaointegrada.com.br\/blog\/wp-json\/wp\/v2\/comments?post=736"}],"version-history":[{"count":3,"href":"https:\/\/w3comunicacaointegrada.com.br\/blog\/wp-json\/wp\/v2\/posts\/736\/revisions"}],"predecessor-version":[{"id":739,"href":"https:\/\/w3comunicacaointegrada.com.br\/blog\/wp-json\/wp\/v2\/posts\/736\/revisions\/739"}],"wp:featuredmedia":[{"embeddable":true,"href":"https:\/\/w3comunicacaointegrada.com.br\/blog\/wp-json\/wp\/v2\/media\/740"}],"wp:attachment":[{"href":"https:\/\/w3comunicacaointegrada.com.br\/blog\/wp-json\/wp\/v2\/media?parent=736"}],"wp:term":[{"taxonomy":"category","embeddable":true,"href":"https:\/\/w3comunicacaointegrada.com.br\/blog\/wp-json\/wp\/v2\/categories?post=736"},{"taxonomy":"post_tag","embeddable":true,"href":"https:\/\/w3comunicacaointegrada.com.br\/blog\/wp-json\/wp\/v2\/tags?post=736"}],"curies":[{"name":"wp","href":"https:\/\/api.w.org\/{rel}","templated":true}]}}